{"id":7661,"date":"2026-02-24T07:41:16","date_gmt":"2026-02-24T07:41:16","guid":{"rendered":"https:\/\/no-nailboxes.com\/?p=7661"},"modified":"2026-02-24T07:58:31","modified_gmt":"2026-02-24T07:58:31","slug":"no-nail-boxes-wird-auf-der-esef-2026-in-utrecht-vertreten-sein","status":"publish","type":"post","link":"https:\/\/no-nailboxes.com\/de\/no-nail-boxes-wird-auf-der-esef-2026-in-utrecht-vertreten-sein\/","title":{"rendered":"Besuchen Sie No-Nail Boxes auf der ESEF 2026 in Utrecht"},"content":{"rendered":"\r\n<section class=\"acf-block acf-block-image-texte acf-block-first acf-block-last\" id=\"block_acf-block_699d5a26c6db4\">\r\n            <div class=\"container-fluid \">\r\n        <div class=\"content__columns--wrapper columns__wrapper columns__wrapper--one\">\r\n                                                \r\n                                            <div class=\"content__column content__column--left content content__column--valign content__column--valign-top\"><div id=\"ConnectiveDocSignExtentionInstalled\" data-extension-version=\"1.0.4\">\n<div class=\"s-whitespace-pre-wrap s-break-words s-font-normal first:s-pt-0 last:s-pb-0 s-py-1 @md:s-py-2 @md:s-leading-7 s-text-base s-leading-7 s-text-foreground dark:s-text-foreground-night\"><strong class=\"s-font-semibold s-text-foreground dark:s-text-foreground-night\">Vom 10. bis 13. M\u00e4rz 2026 nimmt No-Nail Boxes an der ESEF (European Security &amp; Fire Exhibition) in Utrecht, Niederlande, teil. Besuchen Sie uns am Stand 09.D041 und entdecken Sie unsere ma\u00dfgeschneiderten Verpackungsl\u00f6sungen f\u00fcr die anspruchsvollsten Branchen.<\/strong><\/div>\n<div class=\"s-my-6 s-border-b s-border-primary-150 dark:s-border-primary-150-night\"><\/div>\n<h2 class=\"s-pb-2 s-pt-4 s-heading-xl s-text-foreground dark:s-text-foreground-night\"><strong class=\"s-font-semibold s-text-foreground dark:s-text-foreground-night\">Warum sollten Sie unseren Stand besuchen?<\/strong><\/h2>\n<p>&nbsp;<\/p>\n<ul>\n<li class=\"s-whitespace-pre-wrap s-break-words s-font-normal first:s-pt-0 last:s-pb-0 s-py-1 @md:s-py-2 @md:s-leading-7 s-text-base s-leading-7 s-text-foreground dark:s-text-foreground-night\"><strong class=\"s-font-semibold s-text-foreground dark:s-text-foreground-night\">Robuste Faltboxen:<\/strong> Aus Sperrholz gefertigt, um Ihre sensiblen Ger\u00e4te auch unter anspruchsvollsten Transportbedingungen zu sch\u00fctzen. Garantierte Best\u00e4ndigkeit gegen St\u00f6\u00dfe, Vibrationen und schwere Lasten.<\/li>\n<li class=\"s-whitespace-pre-wrap s-break-words s-font-normal first:s-pt-0 last:s-pb-0 s-py-1 @md:s-py-2 @md:s-leading-7 s-text-base s-leading-7 s-text-foreground dark:s-text-foreground-night\"><strong class=\"s-font-semibold s-text-foreground dark:s-text-foreground-night\">Platzersparnis und Langlebigkeit:<\/strong> Unsere Kisten lassen sich nach dem Entleeren flach zusammenfalten und reduzieren das Lagervolumen um bis zu 85%. Mehrfach wiederverwendbar f\u00fcr eine optimierte Logistik.<\/li>\n<li class=\"s-whitespace-pre-wrap s-break-words s-font-normal first:s-pt-0 last:s-pb-0 s-py-1 @md:s-py-2 @md:s-leading-7 s-text-base s-leading-7 s-text-foreground dark:s-text-foreground-night\"><strong class=\"s-font-semibold s-text-foreground dark:s-text-foreground-night\">Internationale Konformit\u00e4t:<\/strong> ISPM15-zertifizierte Verpackungen f\u00fcr weltweiten Export und UN-zugelassene Versionen f\u00fcr den Transport gef\u00e4hrlicher G\u00fcter.<\/li>\n<li class=\"s-whitespace-pre-wrap s-break-words s-font-normal first:s-pt-0 last:s-pb-0 s-py-1 @md:s-py-2 @md:s-leading-7 s-text-base s-leading-7 s-text-foreground dark:s-text-foreground-night\"><strong class=\"s-font-semibold s-text-foreground dark:s-text-foreground-night\">Ma\u00dfgeschneiderte L\u00f6sungen:<\/strong> Individuelle Beratung zur Optimierung Ihrer Logistik und zur Erf\u00fcllung der spezifischen Anforderungen der Sicherheits-, Verteidigungs- und Brandschutzsektoren.<\/li>\n<\/ul>\n<div class=\"s-my-6 s-border-b s-border-primary-150 dark:s-border-primary-150-night\"><\/div>\n<h2 class=\"s-pb-2 s-pt-4 s-heading-xl s-text-foreground dark:s-text-foreground-night\"><strong class=\"s-font-semibold s-text-foreground dark:s-text-foreground-night\">ESEF, das europ\u00e4ische Sicherheitsevent<\/strong><\/h2>\n<p>&nbsp;<\/p>\n<div class=\"s-whitespace-pre-wrap s-break-words s-font-normal first:s-pt-0 last:s-pb-0 s-py-1 @md:s-py-2 @md:s-leading-7 s-text-base s-leading-7 s-text-foreground dark:s-text-foreground-night\">Die ESEF bringt Fachleute aus den Bereichen Sicherheit und Verteidigung zusammen, um die neuesten Innovationen zu entdecken und \u00fcber Branchenherausforderungen zu diskutieren. Eine einzigartige Gelegenheit, unser Team zu treffen und unsere industriellen Verpackungsl\u00f6sungen kennenzulernen.<\/div>\n<div class=\"s-my-6 s-border-b s-border-primary-150 dark:s-border-primary-150-night\"><\/div>\n<h2 class=\"s-pb-2 s-pt-4 s-heading-xl s-text-foreground dark:s-text-foreground-night\"><strong class=\"s-font-semibold s-text-foreground dark:s-text-foreground-night\">Praktische Informationen:<\/strong><\/h2>\n<p>&nbsp;<\/p>\n<div class=\"s-whitespace-pre-wrap s-break-words s-font-normal first:s-pt-0 last:s-pb-0 s-py-1 @md:s-py-2 @md:s-leading-7 s-text-base s-leading-7 s-text-foreground dark:s-text-foreground-night\"><strong class=\"s-font-semibold s-text-foreground dark:s-text-foreground-night\">&#8211; Termine:<\/strong> Montag, 10. bis Donnerstag, 13. M\u00e4rz 2026<br \/>\n<strong class=\"s-font-semibold s-text-foreground dark:s-text-foreground-night\">&#8211; Ort:<\/strong> Jaarbeurs Utrecht, Niederlande<br \/>\n<strong class=\"s-font-semibold s-text-foreground dark:s-text-foreground-night\">&#8211; Stand:<\/strong> 09.D041<\/div>\n<div class=\"s-my-6 s-border-b s-border-primary-150 dark:s-border-primary-150-night\"><\/div>\n<div class=\"s-whitespace-pre-wrap s-break-words s-font-normal first:s-pt-0 last:s-pb-0 s-py-1 @md:s-py-2 @md:s-leading-7 s-text-base s-leading-7 s-text-foreground dark:s-text-foreground-night\">Haben Sie ein Verpackungsprojekt f\u00fcr sensible Ausr\u00fcstung? Besuchen Sie uns an unserem Stand oder kontaktieren Sie uns jetzt.<\/div>\n<p>&nbsp;<\/p>\n<div class=\"s-whitespace-pre-wrap s-break-words s-font-normal first:s-pt-0 last:s-pb-0 s-py-1 @md:s-py-2 @md:s-leading-7 s-text-base s-leading-7 s-text-foreground dark:s-text-foreground-night\"><strong class=\"s-font-semibold s-text-foreground dark:s-text-foreground-night\">Bis bald in Utrecht!<\/strong><\/div>\n<div class=\"s-my-6 s-border-b s-border-primary-150 dark:s-border-primary-150-night\"><\/div>\n<p>&nbsp;<\/p>\n<div class=\"s-whitespace-pre-wrap s-break-words s-font-normal first:s-pt-0 last:s-pb-0 s-py-1 @md:s-py-2 @md:s-leading-7 s-text-base s-leading-7 s-text-foreground dark:s-text-foreground-night\"><strong class=\"s-font-semibold s-text-foreground dark:s-text-foreground-night\">Kontakt:<\/strong><br \/>\n&nbsp;<\/p>\n<p>\ud83d\udce7 <a class=\"s-break-all s-font-semibold s-transition-all s-duration-200 s-ease-in-out hover:s-underline s-text-highlight dark:s-text-highlight-night hover:s-text-highlight-400 dark:hover:s-text-highlight-400-night active:s-text-highlight-dark dark:active:s-text-highlight-dark-night\" title=\"mailto:sales@nnb.lu\" href=\"mailto:sales@nnb.lu\" target=\"_blank\" rel=\"noopener noreferrer\">sales@nnb.lu<\/a><br \/>\n\ud83d\udcde +352 81 92 81-1<br \/>\n\ud83c\udf10 <a class=\"s-break-all s-font-semibold s-transition-all s-duration-200 s-ease-in-out hover:s-underline s-text-highlight dark:s-text-highlight-night hover:s-text-highlight-400 dark:hover:s-text-highlight-400-night active:s-text-highlight-dark dark:active:s-text-highlight-dark-night\" title=\"https:\/\/no-nailboxes.com\" href=\"https:\/\/no-nailboxes.com\/\" target=\"_blank\" rel=\"noopener noreferrer\">no-nailboxes.com<\/a><\/div>\n<div class=\"s-my-6 s-border-b s-border-primary-150 dark:s-border-primary-150-night\"><\/div>\n<\/div>\n<\/div>\r\n                                                        <\/div>\r\n    <\/div>\r\n<\/section>\r\n","protected":false},"excerpt":{"rendered":"<p>Vom 10. bis 13. M\u00e4rz 2026 nimmt No-Nail Boxes an der ESEF (European Security &#038; Fire Exhibition) in Utrecht, Niederlande, teil. Besuchen Sie uns am Stand 09.D041 und entdecken Sie unsere ma\u00dfgeschneiderten Verpackungsl\u00f6sungen f\u00fcr die anspruchsvollsten Branchen.<\/p>\n","protected":false},"author":7,"featured_media":7667,"comment_status":"closed","ping_status":"closed","sticky":false,"template":"","format":"standard","meta":{"_acf_changed":false,"footnotes":""},"categories":[3],"tags":[],"class_list":["post-7661","post","type-post","status-publish","format-standard","has-post-thumbnail","hentry","category-unkategorisiert"],"acf":[],"yoast_head":"<!-- This site is optimized with the Yoast SEO plugin v26.2 - https:\/\/yoast.com\/wordpress\/plugins\/seo\/ -->\n<title>Besuchen Sie No-Nail Boxes auf der ESEF 2026 in Utrecht - No-Nail Boxes<\/title>\n<meta name=\"description\" content=\"Vom 10. bis 13. M\u00e4rz 2026 nimmt No-Nail Boxes an der ESEF (European Security &amp; Fire Exhibition) in Utrecht, Niederlande, teil. Besuchen Sie uns am Stand 09.D041\" \/>\n<meta name=\"robots\" content=\"index, follow, max-snippet:-1, max-image-preview:large, max-video-preview:-1\" \/>\n<link rel=\"canonical\" href=\"https:\/\/no-nailboxes.com\/de\/no-nail-boxes-wird-auf-der-esef-2026-in-utrecht-vertreten-sein\/\" \/>\n<meta property=\"og:locale\" content=\"de_DE\" \/>\n<meta property=\"og:type\" content=\"article\" \/>\n<meta property=\"og:title\" content=\"Besuchen Sie No-Nail Boxes auf der ESEF 2026 in Utrecht - No-Nail Boxes\" \/>\n<meta property=\"og:description\" content=\"Vom 10. bis 13. M\u00e4rz 2026 nimmt No-Nail Boxes an der ESEF (European Security &amp; Fire Exhibition) in Utrecht, Niederlande, teil. Besuchen Sie uns am Stand 09.D041\" \/>\n<meta property=\"og:url\" content=\"https:\/\/no-nailboxes.com\/de\/no-nail-boxes-wird-auf-der-esef-2026-in-utrecht-vertreten-sein\/\" \/>\n<meta property=\"og:site_name\" content=\"No-Nail Boxes\" \/>\n<meta property=\"article:publisher\" content=\"https:\/\/www.facebook.com\/nonailboxes.lux\/\" \/>\n<meta property=\"article:published_time\" content=\"2026-02-24T07:41:16+00:00\" \/>\n<meta property=\"article:modified_time\" content=\"2026-02-24T07:58:31+00:00\" \/>\n<meta property=\"og:image\" content=\"https:\/\/no-nailboxes.com\/app\/uploads\/2026\/02\/Design-sans-titre-9.png\" \/>\n\t<meta property=\"og:image:width\" content=\"300\" \/>\n\t<meta property=\"og:image:height\" content=\"200\" \/>\n\t<meta property=\"og:image:type\" content=\"image\/png\" \/>\n<meta name=\"author\" content=\"Marie\" \/>\n<meta name=\"twitter:card\" content=\"summary_large_image\" \/>\n<meta name=\"twitter:label1\" content=\"Written by\" \/>\n\t<meta name=\"twitter:data1\" content=\"Marie\" \/>\n\t<meta name=\"twitter:label2\" content=\"Est. reading time\" \/>\n\t<meta name=\"twitter:data2\" content=\"1\u00a0Minute\" \/>\n<script type=\"application\/ld+json\" class=\"yoast-schema-graph\">{\"@context\":\"https:\/\/schema.org\",\"@graph\":[{\"@type\":\"Article\",\"@id\":\"https:\/\/no-nailboxes.com\/de\/no-nail-boxes-wird-auf-der-esef-2026-in-utrecht-vertreten-sein\/#article\",\"isPartOf\":{\"@id\":\"https:\/\/no-nailboxes.com\/de\/no-nail-boxes-wird-auf-der-esef-2026-in-utrecht-vertreten-sein\/\"},\"author\":{\"name\":\"Marie\",\"@id\":\"https:\/\/no-nailboxes.com\/en\/#\/schema\/person\/9eb98f1cc6d9073e30efb8a4fd01a1f9\"},\"headline\":\"Besuchen Sie No-Nail Boxes auf der ESEF 2026 in Utrecht\",\"datePublished\":\"2026-02-24T07:41:16+00:00\",\"dateModified\":\"2026-02-24T07:58:31+00:00\",\"mainEntityOfPage\":{\"@id\":\"https:\/\/no-nailboxes.com\/de\/no-nail-boxes-wird-auf-der-esef-2026-in-utrecht-vertreten-sein\/\"},\"wordCount\":9,\"publisher\":{\"@id\":\"https:\/\/no-nailboxes.com\/en\/#organization\"},\"image\":{\"@id\":\"https:\/\/no-nailboxes.com\/de\/no-nail-boxes-wird-auf-der-esef-2026-in-utrecht-vertreten-sein\/#primaryimage\"},\"thumbnailUrl\":\"https:\/\/no-nailboxes.com\/app\/uploads\/2026\/02\/Design-sans-titre-9.png\",\"articleSection\":[\"Unkategorisiert\"],\"inLanguage\":\"de\"},{\"@type\":\"WebPage\",\"@id\":\"https:\/\/no-nailboxes.com\/de\/no-nail-boxes-wird-auf-der-esef-2026-in-utrecht-vertreten-sein\/\",\"url\":\"https:\/\/no-nailboxes.com\/de\/no-nail-boxes-wird-auf-der-esef-2026-in-utrecht-vertreten-sein\/\",\"name\":\"Besuchen Sie No-Nail Boxes auf der ESEF 2026 in Utrecht - No-Nail Boxes\",\"isPartOf\":{\"@id\":\"https:\/\/no-nailboxes.com\/en\/#website\"},\"primaryImageOfPage\":{\"@id\":\"https:\/\/no-nailboxes.com\/de\/no-nail-boxes-wird-auf-der-esef-2026-in-utrecht-vertreten-sein\/#primaryimage\"},\"image\":{\"@id\":\"https:\/\/no-nailboxes.com\/de\/no-nail-boxes-wird-auf-der-esef-2026-in-utrecht-vertreten-sein\/#primaryimage\"},\"thumbnailUrl\":\"https:\/\/no-nailboxes.com\/app\/uploads\/2026\/02\/Design-sans-titre-9.png\",\"datePublished\":\"2026-02-24T07:41:16+00:00\",\"dateModified\":\"2026-02-24T07:58:31+00:00\",\"description\":\"Vom 10. bis 13. M\u00e4rz 2026 nimmt No-Nail Boxes an der ESEF (European Security & Fire Exhibition) in Utrecht, Niederlande, teil. Besuchen Sie uns am Stand 09.D041\",\"breadcrumb\":{\"@id\":\"https:\/\/no-nailboxes.com\/de\/no-nail-boxes-wird-auf-der-esef-2026-in-utrecht-vertreten-sein\/#breadcrumb\"},\"inLanguage\":\"de\",\"potentialAction\":[{\"@type\":\"ReadAction\",\"target\":[\"https:\/\/no-nailboxes.com\/de\/no-nail-boxes-wird-auf-der-esef-2026-in-utrecht-vertreten-sein\/\"]}]},{\"@type\":\"ImageObject\",\"inLanguage\":\"de\",\"@id\":\"https:\/\/no-nailboxes.com\/de\/no-nail-boxes-wird-auf-der-esef-2026-in-utrecht-vertreten-sein\/#primaryimage\",\"url\":\"https:\/\/no-nailboxes.com\/app\/uploads\/2026\/02\/Design-sans-titre-9.png\",\"contentUrl\":\"https:\/\/no-nailboxes.com\/app\/uploads\/2026\/02\/Design-sans-titre-9.png\",\"width\":300,\"height\":200,\"caption\":\"ESEF 2026\"},{\"@type\":\"BreadcrumbList\",\"@id\":\"https:\/\/no-nailboxes.com\/de\/no-nail-boxes-wird-auf-der-esef-2026-in-utrecht-vertreten-sein\/#breadcrumb\",\"itemListElement\":[{\"@type\":\"ListItem\",\"position\":1,\"name\":\"Home\",\"item\":\"https:\/\/no-nailboxes.com\/de\/\"},{\"@type\":\"ListItem\",\"position\":2,\"name\":\"Besuchen Sie No-Nail Boxes auf der ESEF 2026 in Utrecht\"}]},{\"@type\":\"WebSite\",\"@id\":\"https:\/\/no-nailboxes.com\/en\/#website\",\"url\":\"https:\/\/no-nailboxes.com\/en\/\",\"name\":\"No-Nail Boxes\",\"description\":\"\",\"publisher\":{\"@id\":\"https:\/\/no-nailboxes.com\/en\/#organization\"},\"potentialAction\":[{\"@type\":\"SearchAction\",\"target\":{\"@type\":\"EntryPoint\",\"urlTemplate\":\"https:\/\/no-nailboxes.com\/en\/?s={search_term_string}\"},\"query-input\":{\"@type\":\"PropertyValueSpecification\",\"valueRequired\":true,\"valueName\":\"search_term_string\"}}],\"inLanguage\":\"de\"},{\"@type\":\"Organization\",\"@id\":\"https:\/\/no-nailboxes.com\/en\/#organization\",\"name\":\"No-Nail Boxes\",\"url\":\"https:\/\/no-nailboxes.com\/en\/\",\"logo\":{\"@type\":\"ImageObject\",\"inLanguage\":\"de\",\"@id\":\"https:\/\/no-nailboxes.com\/en\/#\/schema\/logo\/image\/\",\"url\":\"https:\/\/no-nailboxes.com\/app\/uploads\/2024\/10\/NNB_blanc-transparent.png\",\"contentUrl\":\"https:\/\/no-nailboxes.com\/app\/uploads\/2024\/10\/NNB_blanc-transparent.png\",\"width\":250,\"height\":56,\"caption\":\"No-Nail Boxes\"},\"image\":{\"@id\":\"https:\/\/no-nailboxes.com\/en\/#\/schema\/logo\/image\/\"},\"sameAs\":[\"https:\/\/www.facebook.com\/nonailboxes.lux\/\",\"https:\/\/www.linkedin.com\/company\/no-nail-boxes\",\"https:\/\/www.instagram.com\/nonail_boxes\/\",\"https:\/\/www.youtube.com\/channel\/UCb6za2DCXJdVtR_9lpEbZOw\",\"https:\/\/vimeo.com\/nonailboxes\"]},{\"@type\":\"Person\",\"@id\":\"https:\/\/no-nailboxes.com\/en\/#\/schema\/person\/9eb98f1cc6d9073e30efb8a4fd01a1f9\",\"name\":\"Marie\",\"image\":{\"@type\":\"ImageObject\",\"inLanguage\":\"de\",\"@id\":\"https:\/\/no-nailboxes.com\/en\/#\/schema\/person\/image\/\",\"url\":\"https:\/\/secure.gravatar.com\/avatar\/3758ac8b3a1f031f604073962eba53b483dad0309c624ae0592966b030599ca1?s=96&d=mm&r=g\",\"contentUrl\":\"https:\/\/secure.gravatar.com\/avatar\/3758ac8b3a1f031f604073962eba53b483dad0309c624ae0592966b030599ca1?s=96&d=mm&r=g\",\"caption\":\"Marie\"},\"url\":\"https:\/\/no-nailboxes.com\/de\/author\/marie\/\"}]}<\/script>\n<!-- \/ Yoast SEO plugin. -->","yoast_head_json":{"title":"Besuchen Sie No-Nail Boxes auf der ESEF 2026 in Utrecht - No-Nail Boxes","description":"Vom 10. bis 13. M\u00e4rz 2026 nimmt No-Nail Boxes an der ESEF (European Security & Fire Exhibition) in Utrecht, Niederlande, teil. Besuchen Sie uns am Stand 09.D041","robots":{"index":"index","follow":"follow","max-snippet":"max-snippet:-1","max-image-preview":"max-image-preview:large","max-video-preview":"max-video-preview:-1"},"canonical":"https:\/\/no-nailboxes.com\/de\/no-nail-boxes-wird-auf-der-esef-2026-in-utrecht-vertreten-sein\/","og_locale":"de_DE","og_type":"article","og_title":"Besuchen Sie No-Nail Boxes auf der ESEF 2026 in Utrecht - No-Nail Boxes","og_description":"Vom 10. bis 13. M\u00e4rz 2026 nimmt No-Nail Boxes an der ESEF (European Security & Fire Exhibition) in Utrecht, Niederlande, teil. Besuchen Sie uns am Stand 09.D041","og_url":"https:\/\/no-nailboxes.com\/de\/no-nail-boxes-wird-auf-der-esef-2026-in-utrecht-vertreten-sein\/","og_site_name":"No-Nail Boxes","article_publisher":"https:\/\/www.facebook.com\/nonailboxes.lux\/","article_published_time":"2026-02-24T07:41:16+00:00","article_modified_time":"2026-02-24T07:58:31+00:00","og_image":[{"width":300,"height":200,"url":"https:\/\/no-nailboxes.com\/app\/uploads\/2026\/02\/Design-sans-titre-9.png","type":"image\/png"}],"author":"Marie","twitter_card":"summary_large_image","twitter_misc":{"Written by":"Marie","Est. reading time":"1\u00a0Minute"},"schema":{"@context":"https:\/\/schema.org","@graph":[{"@type":"Article","@id":"https:\/\/no-nailboxes.com\/de\/no-nail-boxes-wird-auf-der-esef-2026-in-utrecht-vertreten-sein\/#article","isPartOf":{"@id":"https:\/\/no-nailboxes.com\/de\/no-nail-boxes-wird-auf-der-esef-2026-in-utrecht-vertreten-sein\/"},"author":{"name":"Marie","@id":"https:\/\/no-nailboxes.com\/en\/#\/schema\/person\/9eb98f1cc6d9073e30efb8a4fd01a1f9"},"headline":"Besuchen Sie No-Nail Boxes auf der ESEF 2026 in Utrecht","datePublished":"2026-02-24T07:41:16+00:00","dateModified":"2026-02-24T07:58:31+00:00","mainEntityOfPage":{"@id":"https:\/\/no-nailboxes.com\/de\/no-nail-boxes-wird-auf-der-esef-2026-in-utrecht-vertreten-sein\/"},"wordCount":9,"publisher":{"@id":"https:\/\/no-nailboxes.com\/en\/#organization"},"image":{"@id":"https:\/\/no-nailboxes.com\/de\/no-nail-boxes-wird-auf-der-esef-2026-in-utrecht-vertreten-sein\/#primaryimage"},"thumbnailUrl":"https:\/\/no-nailboxes.com\/app\/uploads\/2026\/02\/Design-sans-titre-9.png","articleSection":["Unkategorisiert"],"inLanguage":"de"},{"@type":"WebPage","@id":"https:\/\/no-nailboxes.com\/de\/no-nail-boxes-wird-auf-der-esef-2026-in-utrecht-vertreten-sein\/","url":"https:\/\/no-nailboxes.com\/de\/no-nail-boxes-wird-auf-der-esef-2026-in-utrecht-vertreten-sein\/","name":"Besuchen Sie No-Nail Boxes auf der ESEF 2026 in Utrecht - No-Nail Boxes","isPartOf":{"@id":"https:\/\/no-nailboxes.com\/en\/#website"},"primaryImageOfPage":{"@id":"https:\/\/no-nailboxes.com\/de\/no-nail-boxes-wird-auf-der-esef-2026-in-utrecht-vertreten-sein\/#primaryimage"},"image":{"@id":"https:\/\/no-nailboxes.com\/de\/no-nail-boxes-wird-auf-der-esef-2026-in-utrecht-vertreten-sein\/#primaryimage"},"thumbnailUrl":"https:\/\/no-nailboxes.com\/app\/uploads\/2026\/02\/Design-sans-titre-9.png","datePublished":"2026-02-24T07:41:16+00:00","dateModified":"2026-02-24T07:58:31+00:00","description":"Vom 10. bis 13. M\u00e4rz 2026 nimmt No-Nail Boxes an der ESEF (European Security & Fire Exhibition) in Utrecht, Niederlande, teil. Besuchen Sie uns am Stand 09.D041","breadcrumb":{"@id":"https:\/\/no-nailboxes.com\/de\/no-nail-boxes-wird-auf-der-esef-2026-in-utrecht-vertreten-sein\/#breadcrumb"},"inLanguage":"de","potentialAction":[{"@type":"ReadAction","target":["https:\/\/no-nailboxes.com\/de\/no-nail-boxes-wird-auf-der-esef-2026-in-utrecht-vertreten-sein\/"]}]},{"@type":"ImageObject","inLanguage":"de","@id":"https:\/\/no-nailboxes.com\/de\/no-nail-boxes-wird-auf-der-esef-2026-in-utrecht-vertreten-sein\/#primaryimage","url":"https:\/\/no-nailboxes.com\/app\/uploads\/2026\/02\/Design-sans-titre-9.png","contentUrl":"https:\/\/no-nailboxes.com\/app\/uploads\/2026\/02\/Design-sans-titre-9.png","width":300,"height":200,"caption":"ESEF 2026"},{"@type":"BreadcrumbList","@id":"https:\/\/no-nailboxes.com\/de\/no-nail-boxes-wird-auf-der-esef-2026-in-utrecht-vertreten-sein\/#breadcrumb","itemListElement":[{"@type":"ListItem","position":1,"name":"Home","item":"https:\/\/no-nailboxes.com\/de\/"},{"@type":"ListItem","position":2,"name":"Besuchen Sie No-Nail Boxes auf der ESEF 2026 in Utrecht"}]},{"@type":"WebSite","@id":"https:\/\/no-nailboxes.com\/en\/#website","url":"https:\/\/no-nailboxes.com\/en\/","name":"No-Nail Boxes","description":"","publisher":{"@id":"https:\/\/no-nailboxes.com\/en\/#organization"},"potentialAction":[{"@type":"SearchAction","target":{"@type":"EntryPoint","urlTemplate":"https:\/\/no-nailboxes.com\/en\/?s={search_term_string}"},"query-input":{"@type":"PropertyValueSpecification","valueRequired":true,"valueName":"search_term_string"}}],"inLanguage":"de"},{"@type":"Organization","@id":"https:\/\/no-nailboxes.com\/en\/#organization","name":"No-Nail Boxes","url":"https:\/\/no-nailboxes.com\/en\/","logo":{"@type":"ImageObject","inLanguage":"de","@id":"https:\/\/no-nailboxes.com\/en\/#\/schema\/logo\/image\/","url":"https:\/\/no-nailboxes.com\/app\/uploads\/2024\/10\/NNB_blanc-transparent.png","contentUrl":"https:\/\/no-nailboxes.com\/app\/uploads\/2024\/10\/NNB_blanc-transparent.png","width":250,"height":56,"caption":"No-Nail Boxes"},"image":{"@id":"https:\/\/no-nailboxes.com\/en\/#\/schema\/logo\/image\/"},"sameAs":["https:\/\/www.facebook.com\/nonailboxes.lux\/","https:\/\/www.linkedin.com\/company\/no-nail-boxes","https:\/\/www.instagram.com\/nonail_boxes\/","https:\/\/www.youtube.com\/channel\/UCb6za2DCXJdVtR_9lpEbZOw","https:\/\/vimeo.com\/nonailboxes"]},{"@type":"Person","@id":"https:\/\/no-nailboxes.com\/en\/#\/schema\/person\/9eb98f1cc6d9073e30efb8a4fd01a1f9","name":"Marie","image":{"@type":"ImageObject","inLanguage":"de","@id":"https:\/\/no-nailboxes.com\/en\/#\/schema\/person\/image\/","url":"https:\/\/secure.gravatar.com\/avatar\/3758ac8b3a1f031f604073962eba53b483dad0309c624ae0592966b030599ca1?s=96&d=mm&r=g","contentUrl":"https:\/\/secure.gravatar.com\/avatar\/3758ac8b3a1f031f604073962eba53b483dad0309c624ae0592966b030599ca1?s=96&d=mm&r=g","caption":"Marie"},"url":"https:\/\/no-nailboxes.com\/de\/author\/marie\/"}]}},"_links":{"self":[{"href":"https:\/\/no-nailboxes.com\/de\/wp-json\/wp\/v2\/posts\/7661","targetHints":{"allow":["GET"]}}],"collection":[{"href":"https:\/\/no-nailboxes.com\/de\/wp-json\/wp\/v2\/posts"}],"about":[{"href":"https:\/\/no-nailboxes.com\/de\/wp-json\/wp\/v2\/types\/post"}],"author":[{"embeddable":true,"href":"https:\/\/no-nailboxes.com\/de\/wp-json\/wp\/v2\/users\/7"}],"replies":[{"embeddable":true,"href":"https:\/\/no-nailboxes.com\/de\/wp-json\/wp\/v2\/comments?post=7661"}],"version-history":[{"count":3,"href":"https:\/\/no-nailboxes.com\/de\/wp-json\/wp\/v2\/posts\/7661\/revisions"}],"predecessor-version":[{"id":7686,"href":"https:\/\/no-nailboxes.com\/de\/wp-json\/wp\/v2\/posts\/7661\/revisions\/7686"}],"wp:featuredmedia":[{"embeddable":true,"href":"https:\/\/no-nailboxes.com\/de\/wp-json\/wp\/v2\/media\/7667"}],"wp:attachment":[{"href":"https:\/\/no-nailboxes.com\/de\/wp-json\/wp\/v2\/media?parent=7661"}],"wp:term":[{"taxonomy":"category","embeddable":true,"href":"https:\/\/no-nailboxes.com\/de\/wp-json\/wp\/v2\/categories?post=7661"},{"taxonomy":"post_tag","embeddable":true,"href":"https:\/\/no-nailboxes.com\/de\/wp-json\/wp\/v2\/tags?post=7661"}],"curies":[{"name":"wp","href":"https:\/\/api.w.org\/{rel}","templated":true}]}}