{"id":7366,"date":"2025-12-03T08:38:07","date_gmt":"2025-12-03T08:38:07","guid":{"rendered":"https:\/\/no-nailboxes.com\/?p=7366"},"modified":"2025-12-03T08:45:08","modified_gmt":"2025-12-03T08:45:08","slug":"fermeture-annuelle-de-fin-dannee-2025-no%e2%80%91nail-boxes","status":"publish","type":"post","link":"https:\/\/no-nailboxes.com\/fr\/fermeture-annuelle-de-fin-dannee-2025-no%e2%80%91nail-boxes\/","title":{"rendered":"Fermeture annuelle de fin d\u2019ann\u00e9e 2025 \u2013 No\u2011Nail Boxes"},"content":{"rendered":"\r\n<section class=\"acf-block acf-block-image-texte acf-block-first acf-block-last\" id=\"block_acf-block_692ff74a7d093\">\r\n            <div class=\"container-fluid \">\r\n        <div class=\"content__columns--wrapper columns__wrapper columns__wrapper--one\">\r\n                                                \r\n                                            <div class=\"content__column content__column--left content content__column--valign content__column--valign-top\"><h2 class=\"s-pb-2 s-pt-4 s-heading-lg s-text-foreground dark:s-text-foreground-night\">Ce que cela implique pour vos projets<\/h2>\n<p>&nbsp;<\/p>\n<ul class=\"s-list-disc s-pb-2 s-pl-6 s-text-foreground dark:s-text-foreground-night s-text-base s-leading-7\">\n<li class=\"s-break-words s-text-foreground dark:s-text-foreground-night s-text-base s-leading-7\">Production et exp\u00e9ditions: suspendues pendant la fermeture.<\/li>\n<li class=\"s-break-words s-text-foreground dark:s-text-foreground-night s-text-base s-leading-7\">Devis et commandes: les demandes re\u00e7ues seront trait\u00e9es \u00e0 la r\u00e9ouverture, par ordre d\u2019arriv\u00e9e.<\/li>\n<li class=\"s-break-words s-text-foreground dark:s-text-foreground-night s-text-base s-leading-7\">Service client: indisponible pendant la p\u00e9riode indiqu\u00e9e, reprise du suivi \u00e0 la r\u00e9ouverture.<\/li>\n<\/ul>\n<p>&nbsp;<\/p>\n<div class=\"s-whitespace-pre-wrap s-break-words s-font-normal first:s-pt-0 last:s-pb-0 s-py-1 @md:s-py-2 @md:s-leading-7 s-text-base s-leading-7 s-text-foreground dark:s-text-foreground-night\">Pour anticiper au mieux vos besoins de d\u00e9but 2026, pensez \u00e0 nous transmettre vos informations cl\u00e9s d\u00e8s maintenant.<\/div>\n<p>&nbsp;<\/p>\n<h2 class=\"s-pb-2 s-pt-4 s-heading-lg s-text-foreground dark:s-text-foreground-night\">\u00c0 propos de nos solutions<\/h2>\n<p>&nbsp;<\/p>\n<div class=\"s-whitespace-pre-wrap s-break-words s-font-normal first:s-pt-0 last:s-pb-0 s-py-1 @md:s-py-2 @md:s-leading-7 s-text-base s-leading-7 s-text-foreground dark:s-text-foreground-night\">Sp\u00e9cialiste des caisses pliantes en contreplaqu\u00e9, No\u2011Nail Boxes con\u00e7oit des emballages sur mesure, robustes et \u00e9coresponsables, conformes \u00e0 la norme NIMP 15 pour vos exp\u00e9ditions internationales. Nos solutions optimisent vos flux, r\u00e9duisent l\u2019encombrement \u00e0 vide et contribuent \u00e0 limiter l\u2019empreinte carbone de vos transports.<\/div>\n<p>&nbsp;<\/p>\n<h2 class=\"s-pb-2 s-pt-4 s-heading-lg s-text-foreground dark:s-text-foreground-night\">Contact<\/h2>\n<p>&nbsp;<\/p>\n<div class=\"s-whitespace-pre-wrap s-break-words s-font-normal first:s-pt-0 last:s-pb-0 s-py-1 @md:s-py-2 @md:s-leading-7 s-text-base s-leading-7 s-text-foreground dark:s-text-foreground-night\">Pour toute demande durant la fermeture, \u00e9crivez\u2011nous \u00e0 <a class=\"s-break-all s-font-semibold s-transition-all s-duration-200 s-ease-in-out hover:s-underline s-text-highlight dark:s-text-highlight-night hover:s-text-highlight-400 dark:hover:s-text-highlight-400-night active:s-text-highlight-dark dark:active:s-text-highlight-dark-night\" title=\"mailto:info@nnb.lu\" href=\"mailto:info@nnb.lu\" target=\"_blank\" rel=\"noopener noreferrer\">info@nnb.lu<\/a>. Votre message sera enregistr\u00e9 et trait\u00e9 d\u00e8s la r\u00e9ouverture.<\/div>\n<\/div>\r\n                                                        <\/div>\r\n    <\/div>\r\n<\/section>\r\n","protected":false},"excerpt":{"rendered":"<p>No\u2011Nail Boxes sera ferm\u00e9 du 24 d\u00e9cembre 2025 au 2 janvier 2026 inclus. Durant cette p\u00e9riode, la production et les exp\u00e9ditions seront interrompues, et nos \u00e9quipes ne seront pas joignables. Vos demandes re\u00e7ues par email seront enregistr\u00e9es et trait\u00e9es d\u00e8s notre retour.<\/p>\n","protected":false},"author":7,"featured_media":7371,"comment_status":"closed","ping_status":"closed","sticky":false,"template":"","format":"standard","meta":{"_acf_changed":false,"footnotes":""},"categories":[1],"tags":[57],"class_list":["post-7366","post","type-post","status-publish","format-standard","has-post-thumbnail","hentry","category-non-classifiee","tag-contreplaque"],"acf":[],"yoast_head":"<!-- This site is optimized with the Yoast SEO plugin v26.2 - https:\/\/yoast.com\/wordpress\/plugins\/seo\/ -->\n<title>Fermeture annuelle de fin d\u2019ann\u00e9e 2025 \u2013 No\u2011Nail Boxes - No-Nail Boxes<\/title>\n<meta name=\"description\" content=\"No\u2011Nail Boxes sera ferm\u00e9 du 24 d\u00e9cembre 2025 au 2 janvier 2026 inclus. Durant cette p\u00e9riode, nous ne serons pas joignables\" \/>\n<meta name=\"robots\" content=\"index, follow, max-snippet:-1, max-image-preview:large, max-video-preview:-1\" \/>\n<link rel=\"canonical\" href=\"https:\/\/no-nailboxes.com\/fr\/fermeture-annuelle-de-fin-dannee-2025-no\u2011nail-boxes\/\" \/>\n<meta property=\"og:locale\" content=\"fr_FR\" \/>\n<meta property=\"og:type\" content=\"article\" \/>\n<meta property=\"og:title\" content=\"Fermeture annuelle de fin d\u2019ann\u00e9e 2025 \u2013 No\u2011Nail Boxes - No-Nail Boxes\" \/>\n<meta property=\"og:description\" content=\"No\u2011Nail Boxes sera ferm\u00e9 du 24 d\u00e9cembre 2025 au 2 janvier 2026 inclus. Durant cette p\u00e9riode, nous ne serons pas joignables\" \/>\n<meta property=\"og:url\" content=\"https:\/\/no-nailboxes.com\/fr\/fermeture-annuelle-de-fin-dannee-2025-no\u2011nail-boxes\/\" \/>\n<meta property=\"og:site_name\" content=\"No-Nail Boxes\" \/>\n<meta property=\"article:publisher\" content=\"https:\/\/www.facebook.com\/nonailboxes.lux\/\" \/>\n<meta property=\"article:published_time\" content=\"2025-12-03T08:38:07+00:00\" \/>\n<meta property=\"article:modified_time\" content=\"2025-12-03T08:45:08+00:00\" \/>\n<meta property=\"og:image\" content=\"https:\/\/no-nailboxes.com\/app\/uploads\/2025\/12\/Article-de-blog.png\" \/>\n\t<meta property=\"og:image:width\" content=\"300\" \/>\n\t<meta property=\"og:image:height\" content=\"200\" \/>\n\t<meta property=\"og:image:type\" content=\"image\/png\" \/>\n<meta name=\"author\" content=\"Marie\" \/>\n<meta name=\"twitter:card\" content=\"summary_large_image\" \/>\n<meta name=\"twitter:label1\" content=\"Written by\" \/>\n\t<meta name=\"twitter:data1\" content=\"Marie\" \/>\n\t<meta name=\"twitter:label2\" content=\"Est. reading time\" \/>\n\t<meta name=\"twitter:data2\" content=\"1 minute\" \/>\n<script type=\"application\/ld+json\" class=\"yoast-schema-graph\">{\"@context\":\"https:\/\/schema.org\",\"@graph\":[{\"@type\":\"Article\",\"@id\":\"https:\/\/no-nailboxes.com\/fr\/fermeture-annuelle-de-fin-dannee-2025-no%e2%80%91nail-boxes\/#article\",\"isPartOf\":{\"@id\":\"https:\/\/no-nailboxes.com\/fr\/fermeture-annuelle-de-fin-dannee-2025-no%e2%80%91nail-boxes\/\"},\"author\":{\"name\":\"Marie\",\"@id\":\"https:\/\/no-nailboxes.com\/en\/#\/schema\/person\/9eb98f1cc6d9073e30efb8a4fd01a1f9\"},\"headline\":\"Fermeture annuelle de fin d\u2019ann\u00e9e 2025 \u2013 No\u2011Nail Boxes\",\"datePublished\":\"2025-12-03T08:38:07+00:00\",\"dateModified\":\"2025-12-03T08:45:08+00:00\",\"mainEntityOfPage\":{\"@id\":\"https:\/\/no-nailboxes.com\/fr\/fermeture-annuelle-de-fin-dannee-2025-no%e2%80%91nail-boxes\/\"},\"wordCount\":10,\"publisher\":{\"@id\":\"https:\/\/no-nailboxes.com\/en\/#organization\"},\"image\":{\"@id\":\"https:\/\/no-nailboxes.com\/fr\/fermeture-annuelle-de-fin-dannee-2025-no%e2%80%91nail-boxes\/#primaryimage\"},\"thumbnailUrl\":\"https:\/\/no-nailboxes.com\/app\/uploads\/2025\/12\/Article-de-blog.png\",\"keywords\":[\"contreplaque\"],\"articleSection\":[\"Non classifi\u00e9(e)\"],\"inLanguage\":\"fr-FR\"},{\"@type\":\"WebPage\",\"@id\":\"https:\/\/no-nailboxes.com\/fr\/fermeture-annuelle-de-fin-dannee-2025-no%e2%80%91nail-boxes\/\",\"url\":\"https:\/\/no-nailboxes.com\/fr\/fermeture-annuelle-de-fin-dannee-2025-no%e2%80%91nail-boxes\/\",\"name\":\"Fermeture annuelle de fin d\u2019ann\u00e9e 2025 \u2013 No\u2011Nail Boxes - No-Nail Boxes\",\"isPartOf\":{\"@id\":\"https:\/\/no-nailboxes.com\/en\/#website\"},\"primaryImageOfPage\":{\"@id\":\"https:\/\/no-nailboxes.com\/fr\/fermeture-annuelle-de-fin-dannee-2025-no%e2%80%91nail-boxes\/#primaryimage\"},\"image\":{\"@id\":\"https:\/\/no-nailboxes.com\/fr\/fermeture-annuelle-de-fin-dannee-2025-no%e2%80%91nail-boxes\/#primaryimage\"},\"thumbnailUrl\":\"https:\/\/no-nailboxes.com\/app\/uploads\/2025\/12\/Article-de-blog.png\",\"datePublished\":\"2025-12-03T08:38:07+00:00\",\"dateModified\":\"2025-12-03T08:45:08+00:00\",\"description\":\"No\u2011Nail Boxes sera ferm\u00e9 du 24 d\u00e9cembre 2025 au 2 janvier 2026 inclus. Durant cette p\u00e9riode, nous ne serons pas joignables\",\"breadcrumb\":{\"@id\":\"https:\/\/no-nailboxes.com\/fr\/fermeture-annuelle-de-fin-dannee-2025-no%e2%80%91nail-boxes\/#breadcrumb\"},\"inLanguage\":\"fr-FR\",\"potentialAction\":[{\"@type\":\"ReadAction\",\"target\":[\"https:\/\/no-nailboxes.com\/fr\/fermeture-annuelle-de-fin-dannee-2025-no%e2%80%91nail-boxes\/\"]}]},{\"@type\":\"ImageObject\",\"inLanguage\":\"fr-FR\",\"@id\":\"https:\/\/no-nailboxes.com\/fr\/fermeture-annuelle-de-fin-dannee-2025-no%e2%80%91nail-boxes\/#primaryimage\",\"url\":\"https:\/\/no-nailboxes.com\/app\/uploads\/2025\/12\/Article-de-blog.png\",\"contentUrl\":\"https:\/\/no-nailboxes.com\/app\/uploads\/2025\/12\/Article-de-blog.png\",\"width\":300,\"height\":200,\"caption\":\"fermeture annuelle no nail boxes\"},{\"@type\":\"BreadcrumbList\",\"@id\":\"https:\/\/no-nailboxes.com\/fr\/fermeture-annuelle-de-fin-dannee-2025-no%e2%80%91nail-boxes\/#breadcrumb\",\"itemListElement\":[{\"@type\":\"ListItem\",\"position\":1,\"name\":\"Home\",\"item\":\"https:\/\/no-nailboxes.com\/fr\/\"},{\"@type\":\"ListItem\",\"position\":2,\"name\":\"Fermeture annuelle de fin d\u2019ann\u00e9e 2025 \u2013 No\u2011Nail Boxes\"}]},{\"@type\":\"WebSite\",\"@id\":\"https:\/\/no-nailboxes.com\/en\/#website\",\"url\":\"https:\/\/no-nailboxes.com\/en\/\",\"name\":\"No-Nail Boxes\",\"description\":\"\",\"publisher\":{\"@id\":\"https:\/\/no-nailboxes.com\/en\/#organization\"},\"potentialAction\":[{\"@type\":\"SearchAction\",\"target\":{\"@type\":\"EntryPoint\",\"urlTemplate\":\"https:\/\/no-nailboxes.com\/en\/?s={search_term_string}\"},\"query-input\":{\"@type\":\"PropertyValueSpecification\",\"valueRequired\":true,\"valueName\":\"search_term_string\"}}],\"inLanguage\":\"fr-FR\"},{\"@type\":\"Organization\",\"@id\":\"https:\/\/no-nailboxes.com\/en\/#organization\",\"name\":\"No-Nail Boxes\",\"url\":\"https:\/\/no-nailboxes.com\/en\/\",\"logo\":{\"@type\":\"ImageObject\",\"inLanguage\":\"fr-FR\",\"@id\":\"https:\/\/no-nailboxes.com\/en\/#\/schema\/logo\/image\/\",\"url\":\"https:\/\/no-nailboxes.com\/app\/uploads\/2024\/10\/NNB_blanc-transparent.png\",\"contentUrl\":\"https:\/\/no-nailboxes.com\/app\/uploads\/2024\/10\/NNB_blanc-transparent.png\",\"width\":250,\"height\":56,\"caption\":\"No-Nail Boxes\"},\"image\":{\"@id\":\"https:\/\/no-nailboxes.com\/en\/#\/schema\/logo\/image\/\"},\"sameAs\":[\"https:\/\/www.facebook.com\/nonailboxes.lux\/\",\"https:\/\/www.linkedin.com\/company\/no-nail-boxes\",\"https:\/\/www.instagram.com\/nonail_boxes\/\",\"https:\/\/www.youtube.com\/channel\/UCb6za2DCXJdVtR_9lpEbZOw\",\"https:\/\/vimeo.com\/nonailboxes\"]},{\"@type\":\"Person\",\"@id\":\"https:\/\/no-nailboxes.com\/en\/#\/schema\/person\/9eb98f1cc6d9073e30efb8a4fd01a1f9\",\"name\":\"Marie\",\"image\":{\"@type\":\"ImageObject\",\"inLanguage\":\"fr-FR\",\"@id\":\"https:\/\/no-nailboxes.com\/en\/#\/schema\/person\/image\/\",\"url\":\"https:\/\/secure.gravatar.com\/avatar\/3758ac8b3a1f031f604073962eba53b483dad0309c624ae0592966b030599ca1?s=96&d=mm&r=g\",\"contentUrl\":\"https:\/\/secure.gravatar.com\/avatar\/3758ac8b3a1f031f604073962eba53b483dad0309c624ae0592966b030599ca1?s=96&d=mm&r=g\",\"caption\":\"Marie\"},\"url\":\"https:\/\/no-nailboxes.com\/fr\/author\/marie\/\"}]}<\/script>\n<!-- \/ Yoast SEO plugin. -->","yoast_head_json":{"title":"Fermeture annuelle de fin d\u2019ann\u00e9e 2025 \u2013 No\u2011Nail Boxes - No-Nail Boxes","description":"No\u2011Nail Boxes sera ferm\u00e9 du 24 d\u00e9cembre 2025 au 2 janvier 2026 inclus. Durant cette p\u00e9riode, nous ne serons pas joignables","robots":{"index":"index","follow":"follow","max-snippet":"max-snippet:-1","max-image-preview":"max-image-preview:large","max-video-preview":"max-video-preview:-1"},"canonical":"https:\/\/no-nailboxes.com\/fr\/fermeture-annuelle-de-fin-dannee-2025-no\u2011nail-boxes\/","og_locale":"fr_FR","og_type":"article","og_title":"Fermeture annuelle de fin d\u2019ann\u00e9e 2025 \u2013 No\u2011Nail Boxes - No-Nail Boxes","og_description":"No\u2011Nail Boxes sera ferm\u00e9 du 24 d\u00e9cembre 2025 au 2 janvier 2026 inclus. Durant cette p\u00e9riode, nous ne serons pas joignables","og_url":"https:\/\/no-nailboxes.com\/fr\/fermeture-annuelle-de-fin-dannee-2025-no\u2011nail-boxes\/","og_site_name":"No-Nail Boxes","article_publisher":"https:\/\/www.facebook.com\/nonailboxes.lux\/","article_published_time":"2025-12-03T08:38:07+00:00","article_modified_time":"2025-12-03T08:45:08+00:00","og_image":[{"width":300,"height":200,"url":"https:\/\/no-nailboxes.com\/app\/uploads\/2025\/12\/Article-de-blog.png","type":"image\/png"}],"author":"Marie","twitter_card":"summary_large_image","twitter_misc":{"Written by":"Marie","Est. reading time":"1 minute"},"schema":{"@context":"https:\/\/schema.org","@graph":[{"@type":"Article","@id":"https:\/\/no-nailboxes.com\/fr\/fermeture-annuelle-de-fin-dannee-2025-no%e2%80%91nail-boxes\/#article","isPartOf":{"@id":"https:\/\/no-nailboxes.com\/fr\/fermeture-annuelle-de-fin-dannee-2025-no%e2%80%91nail-boxes\/"},"author":{"name":"Marie","@id":"https:\/\/no-nailboxes.com\/en\/#\/schema\/person\/9eb98f1cc6d9073e30efb8a4fd01a1f9"},"headline":"Fermeture annuelle de fin d\u2019ann\u00e9e 2025 \u2013 No\u2011Nail Boxes","datePublished":"2025-12-03T08:38:07+00:00","dateModified":"2025-12-03T08:45:08+00:00","mainEntityOfPage":{"@id":"https:\/\/no-nailboxes.com\/fr\/fermeture-annuelle-de-fin-dannee-2025-no%e2%80%91nail-boxes\/"},"wordCount":10,"publisher":{"@id":"https:\/\/no-nailboxes.com\/en\/#organization"},"image":{"@id":"https:\/\/no-nailboxes.com\/fr\/fermeture-annuelle-de-fin-dannee-2025-no%e2%80%91nail-boxes\/#primaryimage"},"thumbnailUrl":"https:\/\/no-nailboxes.com\/app\/uploads\/2025\/12\/Article-de-blog.png","keywords":["contreplaque"],"articleSection":["Non classifi\u00e9(e)"],"inLanguage":"fr-FR"},{"@type":"WebPage","@id":"https:\/\/no-nailboxes.com\/fr\/fermeture-annuelle-de-fin-dannee-2025-no%e2%80%91nail-boxes\/","url":"https:\/\/no-nailboxes.com\/fr\/fermeture-annuelle-de-fin-dannee-2025-no%e2%80%91nail-boxes\/","name":"Fermeture annuelle de fin d\u2019ann\u00e9e 2025 \u2013 No\u2011Nail Boxes - No-Nail Boxes","isPartOf":{"@id":"https:\/\/no-nailboxes.com\/en\/#website"},"primaryImageOfPage":{"@id":"https:\/\/no-nailboxes.com\/fr\/fermeture-annuelle-de-fin-dannee-2025-no%e2%80%91nail-boxes\/#primaryimage"},"image":{"@id":"https:\/\/no-nailboxes.com\/fr\/fermeture-annuelle-de-fin-dannee-2025-no%e2%80%91nail-boxes\/#primaryimage"},"thumbnailUrl":"https:\/\/no-nailboxes.com\/app\/uploads\/2025\/12\/Article-de-blog.png","datePublished":"2025-12-03T08:38:07+00:00","dateModified":"2025-12-03T08:45:08+00:00","description":"No\u2011Nail Boxes sera ferm\u00e9 du 24 d\u00e9cembre 2025 au 2 janvier 2026 inclus. Durant cette p\u00e9riode, nous ne serons pas joignables","breadcrumb":{"@id":"https:\/\/no-nailboxes.com\/fr\/fermeture-annuelle-de-fin-dannee-2025-no%e2%80%91nail-boxes\/#breadcrumb"},"inLanguage":"fr-FR","potentialAction":[{"@type":"ReadAction","target":["https:\/\/no-nailboxes.com\/fr\/fermeture-annuelle-de-fin-dannee-2025-no%e2%80%91nail-boxes\/"]}]},{"@type":"ImageObject","inLanguage":"fr-FR","@id":"https:\/\/no-nailboxes.com\/fr\/fermeture-annuelle-de-fin-dannee-2025-no%e2%80%91nail-boxes\/#primaryimage","url":"https:\/\/no-nailboxes.com\/app\/uploads\/2025\/12\/Article-de-blog.png","contentUrl":"https:\/\/no-nailboxes.com\/app\/uploads\/2025\/12\/Article-de-blog.png","width":300,"height":200,"caption":"fermeture annuelle no nail boxes"},{"@type":"BreadcrumbList","@id":"https:\/\/no-nailboxes.com\/fr\/fermeture-annuelle-de-fin-dannee-2025-no%e2%80%91nail-boxes\/#breadcrumb","itemListElement":[{"@type":"ListItem","position":1,"name":"Home","item":"https:\/\/no-nailboxes.com\/fr\/"},{"@type":"ListItem","position":2,"name":"Fermeture annuelle de fin d\u2019ann\u00e9e 2025 \u2013 No\u2011Nail Boxes"}]},{"@type":"WebSite","@id":"https:\/\/no-nailboxes.com\/en\/#website","url":"https:\/\/no-nailboxes.com\/en\/","name":"No-Nail Boxes","description":"","publisher":{"@id":"https:\/\/no-nailboxes.com\/en\/#organization"},"potentialAction":[{"@type":"SearchAction","target":{"@type":"EntryPoint","urlTemplate":"https:\/\/no-nailboxes.com\/en\/?s={search_term_string}"},"query-input":{"@type":"PropertyValueSpecification","valueRequired":true,"valueName":"search_term_string"}}],"inLanguage":"fr-FR"},{"@type":"Organization","@id":"https:\/\/no-nailboxes.com\/en\/#organization","name":"No-Nail Boxes","url":"https:\/\/no-nailboxes.com\/en\/","logo":{"@type":"ImageObject","inLanguage":"fr-FR","@id":"https:\/\/no-nailboxes.com\/en\/#\/schema\/logo\/image\/","url":"https:\/\/no-nailboxes.com\/app\/uploads\/2024\/10\/NNB_blanc-transparent.png","contentUrl":"https:\/\/no-nailboxes.com\/app\/uploads\/2024\/10\/NNB_blanc-transparent.png","width":250,"height":56,"caption":"No-Nail Boxes"},"image":{"@id":"https:\/\/no-nailboxes.com\/en\/#\/schema\/logo\/image\/"},"sameAs":["https:\/\/www.facebook.com\/nonailboxes.lux\/","https:\/\/www.linkedin.com\/company\/no-nail-boxes","https:\/\/www.instagram.com\/nonail_boxes\/","https:\/\/www.youtube.com\/channel\/UCb6za2DCXJdVtR_9lpEbZOw","https:\/\/vimeo.com\/nonailboxes"]},{"@type":"Person","@id":"https:\/\/no-nailboxes.com\/en\/#\/schema\/person\/9eb98f1cc6d9073e30efb8a4fd01a1f9","name":"Marie","image":{"@type":"ImageObject","inLanguage":"fr-FR","@id":"https:\/\/no-nailboxes.com\/en\/#\/schema\/person\/image\/","url":"https:\/\/secure.gravatar.com\/avatar\/3758ac8b3a1f031f604073962eba53b483dad0309c624ae0592966b030599ca1?s=96&d=mm&r=g","contentUrl":"https:\/\/secure.gravatar.com\/avatar\/3758ac8b3a1f031f604073962eba53b483dad0309c624ae0592966b030599ca1?s=96&d=mm&r=g","caption":"Marie"},"url":"https:\/\/no-nailboxes.com\/fr\/author\/marie\/"}]}},"_links":{"self":[{"href":"https:\/\/no-nailboxes.com\/fr\/wp-json\/wp\/v2\/posts\/7366","targetHints":{"allow":["GET"]}}],"collection":[{"href":"https:\/\/no-nailboxes.com\/fr\/wp-json\/wp\/v2\/posts"}],"about":[{"href":"https:\/\/no-nailboxes.com\/fr\/wp-json\/wp\/v2\/types\/post"}],"author":[{"embeddable":true,"href":"https:\/\/no-nailboxes.com\/fr\/wp-json\/wp\/v2\/users\/7"}],"replies":[{"embeddable":true,"href":"https:\/\/no-nailboxes.com\/fr\/wp-json\/wp\/v2\/comments?post=7366"}],"version-history":[{"count":4,"href":"https:\/\/no-nailboxes.com\/fr\/wp-json\/wp\/v2\/posts\/7366\/revisions"}],"predecessor-version":[{"id":7382,"href":"https:\/\/no-nailboxes.com\/fr\/wp-json\/wp\/v2\/posts\/7366\/revisions\/7382"}],"wp:featuredmedia":[{"embeddable":true,"href":"https:\/\/no-nailboxes.com\/fr\/wp-json\/wp\/v2\/media\/7371"}],"wp:attachment":[{"href":"https:\/\/no-nailboxes.com\/fr\/wp-json\/wp\/v2\/media?parent=7366"}],"wp:term":[{"taxonomy":"category","embeddable":true,"href":"https:\/\/no-nailboxes.com\/fr\/wp-json\/wp\/v2\/categories?post=7366"},{"taxonomy":"post_tag","embeddable":true,"href":"https:\/\/no-nailboxes.com\/fr\/wp-json\/wp\/v2\/tags?post=7366"}],"curies":[{"name":"wp","href":"https:\/\/api.w.org\/{rel}","templated":true}]}}